{"id":103614,"date":"2023-06-23T12:09:42","date_gmt":"2023-06-23T14:09:42","guid":{"rendered":"https:\/\/www.boxrepsol.com\/uncategorized\/resultados-de-los-entrenamientos-del-gp-de-los-paises-bajos-de-motogp\/"},"modified":"2023-06-23T14:39:40","modified_gmt":"2023-06-23T16:39:40","slug":"dutch-gp-practice-results","status":"publish","type":"post","link":"https:\/\/www.boxrepsol.com\/en\/motogp-en\/dutch-gp-practice-results\/","title":{"rendered":"Dutch GP Practice Results"},"content":{"rendered":"<figure class=\"wp-block-post-featured-image\"><img loading=\"lazy\" decoding=\"async\" width=\"1280\" height=\"600\" src=\"https:\/\/bxrepsol.s3.eu-west-1.amazonaws.com\/static\/2023\/06\/23104027\/JRB2164-copiaaperweb.jpg\" class=\"attachment-post-thumbnail size-post-thumbnail wp-post-image\" alt=\"\" style=\"object-fit:cover;\" srcset=\"https:\/\/bxrepsol.s3.eu-west-1.amazonaws.com\/static\/2023\/06\/23104027\/JRB2164-copiaaperweb.jpg 1280w, https:\/\/bxrepsol.s3.eu-west-1.amazonaws.com\/static\/2023\/06\/23104027\/JRB2164-copiaaperweb-300x141.jpg 300w, https:\/\/bxrepsol.s3.eu-west-1.amazonaws.com\/static\/2023\/06\/23104027\/JRB2164-copiaaperweb-1024x480.jpg 1024w, https:\/\/bxrepsol.s3.eu-west-1.amazonaws.com\/static\/2023\/06\/23104027\/JRB2164-copiaaperweb-768x360.jpg 768w\" sizes=\"auto, (max-width: 1280px) 100vw, 1280px\" \/><\/figure>\n\n\n<p>The MotoGP World Championship has reached <strong>the cathedral of motorcycle racing for the Assen TT<\/strong> this weekend, the eighth round of the season. <strong>Marco Bezzecchi (Ducati) <\/strong>set the best time of the day with a 1:32.063, putting him directly into Q2.<\/p>\n\n\n\n<p>The<strong> Top 10<\/strong> on the combined timesheets was completed by Jorge Mart\u00edn (Ducati), Jack Miller (KTM), Pecco Bagnaia (Ducati), Maverick Vi\u00f1ales (Aprilia), Fabio Quartararo (Yamaha), Aleix Espargar\u00f3 (Aprilia), Brad Binder (KTM), Luca Marini (Ducati) and \u00c1lex M\u00e1rquez (Ducati).<\/p>\n\n\n\n<p>Tomorrow the riders will have a free <strong>practice session at 10:10am<\/strong> (CEST) before <strong>qualifying<\/strong> at <strong>10:50am<\/strong>. Later, at <strong>3pm<\/strong>, they will participate in the <strong><a href=\"https:\/\/www.boxrepsol.com\/en\/motogp-en\/sprint-races-the-evolution-of-motogp\/\">Sprint Race<\/a><\/strong>.<\/p>\n\n\n\n<h3 class=\"wp-block-heading\"><strong>Adaptation for Repsol Honda Team<\/strong><\/h3>\n\n\n\n<p><strong>Marc M\u00e1rquez <\/strong>got back on his Honda this Friday after <a href=\"https:\/\/www.boxrepsol.com\/en\/motogp-en\/marc-marquez-withdraws-from-german-gp\/\">withdrawing from the German GP race<\/a>. The <strong>Repsol Honda<\/strong> team rider faced the day with the aim of testing out the bike and obtaining information to continue improving it for the future. After a crash in the closing moments of P2, he finished the session in 19th position with a time of 1:33.485.<br><strong>Iker Lecuona<\/strong> <a href=\"https:\/\/www.boxrepsol.com\/en\/motogp-en\/marquez-and-lecuona-to-compete-in-final-gp-before-summer-break\/\">returned to the team<\/a>, participating with Repsol Honda colors for the second time this season -this time <strong>replacing Joan Mir<\/strong>. Using the practice sessions for adaptation to the Honda RC213V, he finished in 22nd position, setting a time of 1:33.720.<\/p>\n\n\n\n<h2 class=\"wp-block-heading\"><strong><strong>Combined practice times: Dutch GP<\/strong><\/strong><\/h2>\n\n\n\n<figure class=\"wp-block-table is-style-stripes\"><table><tbody><tr><td><strong>RIDER<\/strong><\/td><td><strong>TEAM<\/strong><\/td><td><strong>TIME<\/strong><\/td><\/tr><tr><td>1. Marco Bezzecchi<\/td><td>DUCATI<\/td><td>1:32.063<\/td><\/tr><tr><td>2. Jorge Mart\u00edn<\/td><td>DUCATI<\/td><td>+0.130<\/td><\/tr><tr><td>3. Jack Miller<\/td><td>KTM<\/td><td>+0.155<\/td><\/tr><tr><td>4. Pecco Bagnaia<\/td><td>DUCATI<\/td><td>+0.200<\/td><\/tr><tr><td>5. Maverick Vi\u00f1ales<\/td><td>APRILIA<\/td><td>+0.245<\/td><\/tr><tr><td>6. Fabio Quartararo<\/td><td>YAMAHA<\/td><td>+0.278<\/td><\/tr><tr><td>7. Aleix Espargar\u00f3 <\/td><td>APRILIA<\/td><td>+0.345<\/td><\/tr><tr><td>8. Brad Binder<\/td><td>KTM<\/td><td>+0.386<\/td><\/tr><tr><td>9. Luca Marini<\/td><td>DUCATI<\/td><td>+0.406<\/td><\/tr><tr><td>10. \u00c1lex M\u00e1rquez<\/td><td>DUCATI<\/td><td>+0.518<\/td><\/tr><tr><td><strong>19. Marc M\u00e1rquez<\/strong><\/td><td><strong>REPSOL HONDA<\/strong><\/td><td>+1.422<\/td><\/tr><tr><td><strong>22. Iker Lecuona<\/strong><\/td><td><strong>REPSOL HONDA<\/strong><\/td><td>+1.657<\/td><\/tr><\/tbody><\/table><\/figure>\n\n\n\n<div id=\"23e5775d-554d-4bb6-b778-2c4b058c4a71\" class=\"br-slider-box\"><div class=\"wp-block-create-block-repsol-carousel br-slider\"><a target=\"_blank\" href=\"https:\/\/bxrepsol.s3.eu-west-1.amazonaws.com\/static\/2023\/06\/23132628\/JRB2312-scaled.jpg\" data-index=\"0\" rel=\"noopener\"><img decoding=\"async\" src=\"https:\/\/bxrepsol.s3.eu-west-1.amazonaws.com\/static\/2023\/06\/23132628\/JRB2312-scaled.jpg\"\/><\/a><a target=\"_blank\" href=\"https:\/\/bxrepsol.s3.eu-west-1.amazonaws.com\/static\/2023\/06\/23132711\/JRB9112-scaled.jpg\" data-index=\"1\" rel=\"noopener\"><img decoding=\"async\" src=\"https:\/\/bxrepsol.s3.eu-west-1.amazonaws.com\/static\/2023\/06\/23132711\/JRB9112-scaled.jpg\"\/><\/a><a target=\"_blank\" href=\"https:\/\/bxrepsol.s3.eu-west-1.amazonaws.com\/static\/2023\/06\/23132635\/JRB3693-scaled.jpg\" data-index=\"2\" rel=\"noopener\"><img decoding=\"async\" src=\"https:\/\/bxrepsol.s3.eu-west-1.amazonaws.com\/static\/2023\/06\/23132635\/JRB3693-scaled.jpg\"\/><\/a><a target=\"_blank\" href=\"https:\/\/bxrepsol.s3.eu-west-1.amazonaws.com\/static\/2023\/06\/23132641\/JRB2357-scaled.jpg\" data-index=\"3\" rel=\"noopener\"><img decoding=\"async\" src=\"https:\/\/bxrepsol.s3.eu-west-1.amazonaws.com\/static\/2023\/06\/23132641\/JRB2357-scaled.jpg\"\/><\/a><a target=\"_blank\" href=\"https:\/\/bxrepsol.s3.eu-west-1.amazonaws.com\/static\/2023\/06\/23132647\/JRB9503-scaled.jpg\" data-index=\"4\" rel=\"noopener\"><img decoding=\"async\" src=\"https:\/\/bxrepsol.s3.eu-west-1.amazonaws.com\/static\/2023\/06\/23132647\/JRB9503-scaled.jpg\"\/><\/a><\/div><div class=\"br-slider-buttons\"><button class=\"arrow rds-icon arrow--left rds-icon-Arrow_left\"><\/button><button class=\"arrow rds-icon arrow--right rds-icon-Arrow_right\"><\/button><\/div><\/div>\n\n\n\n<h2 class=\"wp-block-heading\"><strong>Statements<\/strong><\/h2>\n\n\n\n<h3 class=\"wp-block-heading\"><strong>Marc M\u00e1rquez<\/strong><\/h3>\n\n\n\n<p>&#8220;Today I had a limitation on the physical side with the rib that I crack in Germany, especially in the last sector and the change of direction. This did not help us today with our performance. I spent most of today riding in an easy way and then pushed right at the end to try and improve our position and see if Q2 was possible, but I crashed. Tomorrow I will try to push in Q1 and see if we can make something happen.\u201d<\/p>\n\n\n\n<h3 class=\"wp-block-heading\"><strong>Iker Lecuona<\/strong><\/h3>\n\n\n\n<p>&#8220;I am very happy with how today went, I was able to finish within one second of the first Honda and not too far from the fastest rider overall. We\u2019ve been able to carry on what we did in Jerez and made another step already here on the first day. Of course, I would like to be even faster, but it\u2019s important to stay calm and work well with the team \u2013 they know the bike much better than me and I am listening to them a lot. Now it\u2019s time to check the data and make a plan for tomorrow together.\u201d<\/p>\n","protected":false},"excerpt":{"rendered":"<p>Bezzecchi fastest in first practice sessions at Assen<\/p>\n","protected":false},"author":420,"featured_media":103590,"comment_status":"open","ping_status":"open","sticky":false,"template":"","format":"standard","meta":{"footnotes":""},"categories":[146],"tags":[275,281,311,283,284],"class_list":["post-103614","post","type-post","status-publish","format-standard","hentry","category-motogp-en","tag-2023-en","tag-equipo-repsol-honda-en","tag-iker-lecuona-en","tag-marc-marquez-en","tag-repsol-honda-team-en"],"yoast_head":"<!-- This site is optimized with the Yoast SEO plugin v27.3 - https:\/\/yoast.com\/product\/yoast-seo-wordpress\/ -->\n<title>Dutch GP Practice Results - Box Repsol<\/title>\n<meta name=\"description\" content=\"Friday practice results for the 2023 Dutch GP, held at Assen.\" \/>\n<link rel=\"canonical\" href=\"https:\/\/www.boxrepsol.com\/en\/motogp-en\/dutch-gp-practice-results\/\" \/>\n<meta property=\"og:locale\" content=\"en_US\" \/>\n<meta property=\"og:type\" content=\"article\" \/>\n<meta property=\"og:title\" content=\"Dutch GP Practice Results - Box Repsol\" \/>\n<meta property=\"og:description\" content=\"Friday practice results for the 2023 Dutch GP, held at Assen.\" \/>\n<meta property=\"og:url\" content=\"https:\/\/www.boxrepsol.com\/en\/motogp-en\/dutch-gp-practice-results\/\" \/>\n<meta property=\"og:site_name\" content=\"Box Repsol\" \/>\n<meta property=\"article:publisher\" content=\"https:\/\/www.facebook.com\/BoxRepsol\" \/>\n<meta property=\"article:published_time\" content=\"2023-06-23T14:09:42+00:00\" \/>\n<meta property=\"article:modified_time\" content=\"2023-06-23T16:39:40+00:00\" \/>\n<meta property=\"og:image\" content=\"https:\/\/bxrepsol.s3.eu-west-1.amazonaws.com\/static\/2023\/06\/23104027\/JRB2164-copiaaperweb.jpg\" \/>\n\t<meta property=\"og:image:width\" content=\"1280\" \/>\n\t<meta property=\"og:image:height\" content=\"600\" \/>\n\t<meta property=\"og:image:type\" content=\"image\/jpeg\" \/>\n<meta name=\"author\" content=\"Box Repsol\" \/>\n<meta name=\"twitter:card\" content=\"summary_large_image\" \/>\n<meta name=\"twitter:creator\" content=\"@box_repsol\" \/>\n<meta name=\"twitter:site\" content=\"@box_repsol\" \/>\n<meta name=\"twitter:label1\" content=\"Written by\" \/>\n\t<meta name=\"twitter:data1\" content=\"Box Repsol\" \/>\n\t<meta name=\"twitter:label2\" content=\"Est. reading time\" \/>\n\t<meta name=\"twitter:data2\" content=\"2 minutes\" \/>\n<script type=\"application\/ld+json\" class=\"yoast-schema-graph\">{\"@context\":\"https:\\\/\\\/schema.org\",\"@graph\":[{\"@type\":\"Article\",\"@id\":\"https:\\\/\\\/www.boxrepsol.com\\\/en\\\/motogp-en\\\/dutch-gp-practice-results\\\/#article\",\"isPartOf\":{\"@id\":\"https:\\\/\\\/www.boxrepsol.com\\\/en\\\/motogp-en\\\/dutch-gp-practice-results\\\/\"},\"author\":{\"name\":\"Box Repsol\",\"@id\":\"https:\\\/\\\/www.boxrepsol.com\\\/en\\\/#\\\/schema\\\/person\\\/a304b5b3c460915ddb7f228f02936d04\"},\"headline\":\"Dutch GP Practice Results\",\"datePublished\":\"2023-06-23T14:09:42+00:00\",\"dateModified\":\"2023-06-23T16:39:40+00:00\",\"mainEntityOfPage\":{\"@id\":\"https:\\\/\\\/www.boxrepsol.com\\\/en\\\/motogp-en\\\/dutch-gp-practice-results\\\/\"},\"wordCount\":464,\"commentCount\":0,\"publisher\":{\"@id\":\"https:\\\/\\\/www.boxrepsol.com\\\/en\\\/#organization\"},\"image\":{\"@id\":\"https:\\\/\\\/www.boxrepsol.com\\\/en\\\/motogp-en\\\/dutch-gp-practice-results\\\/#primaryimage\"},\"thumbnailUrl\":\"https:\\\/\\\/bxrepsol.s3.eu-west-1.amazonaws.com\\\/static\\\/2023\\\/06\\\/23104027\\\/JRB2164-copiaaperweb.jpg\",\"keywords\":[\"2023\",\"Equipo Repsol Honda\",\"Iker Lecuona\",\"Marc M\u00e1rquez\",\"Repsol Honda Team\"],\"articleSection\":[\"MotoGP\"],\"inLanguage\":\"en-US\",\"potentialAction\":[{\"@type\":\"CommentAction\",\"name\":\"Comment\",\"target\":[\"https:\\\/\\\/www.boxrepsol.com\\\/en\\\/motogp-en\\\/dutch-gp-practice-results\\\/#respond\"]}]},{\"@type\":\"WebPage\",\"@id\":\"https:\\\/\\\/www.boxrepsol.com\\\/en\\\/motogp-en\\\/dutch-gp-practice-results\\\/\",\"url\":\"https:\\\/\\\/www.boxrepsol.com\\\/en\\\/motogp-en\\\/dutch-gp-practice-results\\\/\",\"name\":\"Dutch GP Practice Results - Box Repsol\",\"isPartOf\":{\"@id\":\"https:\\\/\\\/www.boxrepsol.com\\\/en\\\/#website\"},\"primaryImageOfPage\":{\"@id\":\"https:\\\/\\\/www.boxrepsol.com\\\/en\\\/motogp-en\\\/dutch-gp-practice-results\\\/#primaryimage\"},\"image\":{\"@id\":\"https:\\\/\\\/www.boxrepsol.com\\\/en\\\/motogp-en\\\/dutch-gp-practice-results\\\/#primaryimage\"},\"thumbnailUrl\":\"https:\\\/\\\/bxrepsol.s3.eu-west-1.amazonaws.com\\\/static\\\/2023\\\/06\\\/23104027\\\/JRB2164-copiaaperweb.jpg\",\"datePublished\":\"2023-06-23T14:09:42+00:00\",\"dateModified\":\"2023-06-23T16:39:40+00:00\",\"description\":\"Friday practice results for the 2023 Dutch GP, held at Assen.\",\"breadcrumb\":{\"@id\":\"https:\\\/\\\/www.boxrepsol.com\\\/en\\\/motogp-en\\\/dutch-gp-practice-results\\\/#breadcrumb\"},\"inLanguage\":\"en-US\",\"potentialAction\":[{\"@type\":\"ReadAction\",\"target\":[\"https:\\\/\\\/www.boxrepsol.com\\\/en\\\/motogp-en\\\/dutch-gp-practice-results\\\/\"]}]},{\"@type\":\"ImageObject\",\"inLanguage\":\"en-US\",\"@id\":\"https:\\\/\\\/www.boxrepsol.com\\\/en\\\/motogp-en\\\/dutch-gp-practice-results\\\/#primaryimage\",\"url\":\"https:\\\/\\\/bxrepsol.s3.eu-west-1.amazonaws.com\\\/static\\\/2023\\\/06\\\/23104027\\\/JRB2164-copiaaperweb.jpg\",\"contentUrl\":\"https:\\\/\\\/bxrepsol.s3.eu-west-1.amazonaws.com\\\/static\\\/2023\\\/06\\\/23104027\\\/JRB2164-copiaaperweb.jpg\",\"width\":1280,\"height\":600},{\"@type\":\"BreadcrumbList\",\"@id\":\"https:\\\/\\\/www.boxrepsol.com\\\/en\\\/motogp-en\\\/dutch-gp-practice-results\\\/#breadcrumb\",\"itemListElement\":[{\"@type\":\"ListItem\",\"position\":1,\"name\":\"Home\",\"item\":\"https:\\\/\\\/www.boxrepsol.com\\\/en\\\/\"},{\"@type\":\"ListItem\",\"position\":2,\"name\":\"Dutch GP Practice Results\"}]},{\"@type\":\"WebSite\",\"@id\":\"https:\\\/\\\/www.boxrepsol.com\\\/en\\\/#website\",\"url\":\"https:\\\/\\\/www.boxrepsol.com\\\/en\\\/\",\"name\":\"Box Repsol\",\"description\":\"Box Repsol Site\",\"publisher\":{\"@id\":\"https:\\\/\\\/www.boxrepsol.com\\\/en\\\/#organization\"},\"potentialAction\":[{\"@type\":\"SearchAction\",\"target\":{\"@type\":\"EntryPoint\",\"urlTemplate\":\"https:\\\/\\\/www.boxrepsol.com\\\/en\\\/?s={search_term_string}\"},\"query-input\":{\"@type\":\"PropertyValueSpecification\",\"valueRequired\":true,\"valueName\":\"search_term_string\"}}],\"inLanguage\":\"en-US\"},{\"@type\":\"Organization\",\"@id\":\"https:\\\/\\\/www.boxrepsol.com\\\/en\\\/#organization\",\"name\":\"Box Repsol\",\"url\":\"https:\\\/\\\/www.boxrepsol.com\\\/en\\\/\",\"logo\":{\"@type\":\"ImageObject\",\"inLanguage\":\"en-US\",\"@id\":\"https:\\\/\\\/www.boxrepsol.com\\\/en\\\/#\\\/schema\\\/logo\\\/image\\\/\",\"url\":\"https:\\\/\\\/bxrepsol.s3.eu-west-1.amazonaws.com\\\/static\\\/2025\\\/07\\\/30083337\\\/favicon-96x96-1.png\",\"contentUrl\":\"https:\\\/\\\/bxrepsol.s3.eu-west-1.amazonaws.com\\\/static\\\/2025\\\/07\\\/30083337\\\/favicon-96x96-1.png\",\"width\":96,\"height\":96,\"caption\":\"Box Repsol\"},\"image\":{\"@id\":\"https:\\\/\\\/www.boxrepsol.com\\\/en\\\/#\\\/schema\\\/logo\\\/image\\\/\"},\"sameAs\":[\"https:\\\/\\\/www.facebook.com\\\/BoxRepsol\",\"https:\\\/\\\/x.com\\\/box_repsol\",\"http:\\\/\\\/instagram.com\\\/box_repsol\",\"https:\\\/\\\/www.youtube.com\\\/user\\\/RepsolCompeticion\",\"https:\\\/\\\/www.flickr.com\\\/photos\\\/box_repsol\\\/\"]},{\"@type\":\"Person\",\"@id\":\"https:\\\/\\\/www.boxrepsol.com\\\/en\\\/#\\\/schema\\\/person\\\/a304b5b3c460915ddb7f228f02936d04\",\"name\":\"Box Repsol\",\"image\":{\"@type\":\"ImageObject\",\"inLanguage\":\"en-US\",\"@id\":\"https:\\\/\\\/secure.gravatar.com\\\/avatar\\\/9ae0581d29a1ca8b367925254de91c0e8e82366e47ed92bc1f4e871c6772a796?s=96&d=mm&r=g\",\"url\":\"https:\\\/\\\/secure.gravatar.com\\\/avatar\\\/9ae0581d29a1ca8b367925254de91c0e8e82366e47ed92bc1f4e871c6772a796?s=96&d=mm&r=g\",\"contentUrl\":\"https:\\\/\\\/secure.gravatar.com\\\/avatar\\\/9ae0581d29a1ca8b367925254de91c0e8e82366e47ed92bc1f4e871c6772a796?s=96&d=mm&r=g\",\"caption\":\"Box Repsol\"},\"sameAs\":[\"https:\\\/\\\/www.boxrepsol.com\\\/es\\\/\"],\"url\":\"https:\\\/\\\/www.boxrepsol.com\\\/en\\\/author\\\/paznar\\\/\"}]}<\/script>\n<!-- \/ Yoast SEO plugin. -->","yoast_head_json":{"title":"Dutch GP Practice Results - Box Repsol","description":"Friday practice results for the 2023 Dutch GP, held at Assen.","canonical":"https:\/\/www.boxrepsol.com\/en\/motogp-en\/dutch-gp-practice-results\/","og_locale":"en_US","og_type":"article","og_title":"Dutch GP Practice Results - Box Repsol","og_description":"Friday practice results for the 2023 Dutch GP, held at Assen.","og_url":"https:\/\/www.boxrepsol.com\/en\/motogp-en\/dutch-gp-practice-results\/","og_site_name":"Box Repsol","article_publisher":"https:\/\/www.facebook.com\/BoxRepsol","article_published_time":"2023-06-23T14:09:42+00:00","article_modified_time":"2023-06-23T16:39:40+00:00","og_image":[{"width":1280,"height":600,"url":"https:\/\/bxrepsol.s3.eu-west-1.amazonaws.com\/static\/2023\/06\/23104027\/JRB2164-copiaaperweb.jpg","type":"image\/jpeg"}],"author":"Box Repsol","twitter_card":"summary_large_image","twitter_creator":"@box_repsol","twitter_site":"@box_repsol","twitter_misc":{"Written by":"Box Repsol","Est. reading time":"2 minutes"},"schema":{"@context":"https:\/\/schema.org","@graph":[{"@type":"Article","@id":"https:\/\/www.boxrepsol.com\/en\/motogp-en\/dutch-gp-practice-results\/#article","isPartOf":{"@id":"https:\/\/www.boxrepsol.com\/en\/motogp-en\/dutch-gp-practice-results\/"},"author":{"name":"Box Repsol","@id":"https:\/\/www.boxrepsol.com\/en\/#\/schema\/person\/a304b5b3c460915ddb7f228f02936d04"},"headline":"Dutch GP Practice Results","datePublished":"2023-06-23T14:09:42+00:00","dateModified":"2023-06-23T16:39:40+00:00","mainEntityOfPage":{"@id":"https:\/\/www.boxrepsol.com\/en\/motogp-en\/dutch-gp-practice-results\/"},"wordCount":464,"commentCount":0,"publisher":{"@id":"https:\/\/www.boxrepsol.com\/en\/#organization"},"image":{"@id":"https:\/\/www.boxrepsol.com\/en\/motogp-en\/dutch-gp-practice-results\/#primaryimage"},"thumbnailUrl":"https:\/\/bxrepsol.s3.eu-west-1.amazonaws.com\/static\/2023\/06\/23104027\/JRB2164-copiaaperweb.jpg","keywords":["2023","Equipo Repsol Honda","Iker Lecuona","Marc M\u00e1rquez","Repsol Honda Team"],"articleSection":["MotoGP"],"inLanguage":"en-US","potentialAction":[{"@type":"CommentAction","name":"Comment","target":["https:\/\/www.boxrepsol.com\/en\/motogp-en\/dutch-gp-practice-results\/#respond"]}]},{"@type":"WebPage","@id":"https:\/\/www.boxrepsol.com\/en\/motogp-en\/dutch-gp-practice-results\/","url":"https:\/\/www.boxrepsol.com\/en\/motogp-en\/dutch-gp-practice-results\/","name":"Dutch GP Practice Results - Box Repsol","isPartOf":{"@id":"https:\/\/www.boxrepsol.com\/en\/#website"},"primaryImageOfPage":{"@id":"https:\/\/www.boxrepsol.com\/en\/motogp-en\/dutch-gp-practice-results\/#primaryimage"},"image":{"@id":"https:\/\/www.boxrepsol.com\/en\/motogp-en\/dutch-gp-practice-results\/#primaryimage"},"thumbnailUrl":"https:\/\/bxrepsol.s3.eu-west-1.amazonaws.com\/static\/2023\/06\/23104027\/JRB2164-copiaaperweb.jpg","datePublished":"2023-06-23T14:09:42+00:00","dateModified":"2023-06-23T16:39:40+00:00","description":"Friday practice results for the 2023 Dutch GP, held at Assen.","breadcrumb":{"@id":"https:\/\/www.boxrepsol.com\/en\/motogp-en\/dutch-gp-practice-results\/#breadcrumb"},"inLanguage":"en-US","potentialAction":[{"@type":"ReadAction","target":["https:\/\/www.boxrepsol.com\/en\/motogp-en\/dutch-gp-practice-results\/"]}]},{"@type":"ImageObject","inLanguage":"en-US","@id":"https:\/\/www.boxrepsol.com\/en\/motogp-en\/dutch-gp-practice-results\/#primaryimage","url":"https:\/\/bxrepsol.s3.eu-west-1.amazonaws.com\/static\/2023\/06\/23104027\/JRB2164-copiaaperweb.jpg","contentUrl":"https:\/\/bxrepsol.s3.eu-west-1.amazonaws.com\/static\/2023\/06\/23104027\/JRB2164-copiaaperweb.jpg","width":1280,"height":600},{"@type":"BreadcrumbList","@id":"https:\/\/www.boxrepsol.com\/en\/motogp-en\/dutch-gp-practice-results\/#breadcrumb","itemListElement":[{"@type":"ListItem","position":1,"name":"Home","item":"https:\/\/www.boxrepsol.com\/en\/"},{"@type":"ListItem","position":2,"name":"Dutch GP Practice Results"}]},{"@type":"WebSite","@id":"https:\/\/www.boxrepsol.com\/en\/#website","url":"https:\/\/www.boxrepsol.com\/en\/","name":"Box Repsol","description":"Box Repsol Site","publisher":{"@id":"https:\/\/www.boxrepsol.com\/en\/#organization"},"potentialAction":[{"@type":"SearchAction","target":{"@type":"EntryPoint","urlTemplate":"https:\/\/www.boxrepsol.com\/en\/?s={search_term_string}"},"query-input":{"@type":"PropertyValueSpecification","valueRequired":true,"valueName":"search_term_string"}}],"inLanguage":"en-US"},{"@type":"Organization","@id":"https:\/\/www.boxrepsol.com\/en\/#organization","name":"Box Repsol","url":"https:\/\/www.boxrepsol.com\/en\/","logo":{"@type":"ImageObject","inLanguage":"en-US","@id":"https:\/\/www.boxrepsol.com\/en\/#\/schema\/logo\/image\/","url":"https:\/\/bxrepsol.s3.eu-west-1.amazonaws.com\/static\/2025\/07\/30083337\/favicon-96x96-1.png","contentUrl":"https:\/\/bxrepsol.s3.eu-west-1.amazonaws.com\/static\/2025\/07\/30083337\/favicon-96x96-1.png","width":96,"height":96,"caption":"Box Repsol"},"image":{"@id":"https:\/\/www.boxrepsol.com\/en\/#\/schema\/logo\/image\/"},"sameAs":["https:\/\/www.facebook.com\/BoxRepsol","https:\/\/x.com\/box_repsol","http:\/\/instagram.com\/box_repsol","https:\/\/www.youtube.com\/user\/RepsolCompeticion","https:\/\/www.flickr.com\/photos\/box_repsol\/"]},{"@type":"Person","@id":"https:\/\/www.boxrepsol.com\/en\/#\/schema\/person\/a304b5b3c460915ddb7f228f02936d04","name":"Box Repsol","image":{"@type":"ImageObject","inLanguage":"en-US","@id":"https:\/\/secure.gravatar.com\/avatar\/9ae0581d29a1ca8b367925254de91c0e8e82366e47ed92bc1f4e871c6772a796?s=96&d=mm&r=g","url":"https:\/\/secure.gravatar.com\/avatar\/9ae0581d29a1ca8b367925254de91c0e8e82366e47ed92bc1f4e871c6772a796?s=96&d=mm&r=g","contentUrl":"https:\/\/secure.gravatar.com\/avatar\/9ae0581d29a1ca8b367925254de91c0e8e82366e47ed92bc1f4e871c6772a796?s=96&d=mm&r=g","caption":"Box Repsol"},"sameAs":["https:\/\/www.boxrepsol.com\/es\/"],"url":"https:\/\/www.boxrepsol.com\/en\/author\/paznar\/"}]}},"_links":{"self":[{"href":"https:\/\/www.boxrepsol.com\/en\/wp-json\/wp\/v2\/posts\/103614","targetHints":{"allow":["GET"]}}],"collection":[{"href":"https:\/\/www.boxrepsol.com\/en\/wp-json\/wp\/v2\/posts"}],"about":[{"href":"https:\/\/www.boxrepsol.com\/en\/wp-json\/wp\/v2\/types\/post"}],"author":[{"embeddable":true,"href":"https:\/\/www.boxrepsol.com\/en\/wp-json\/wp\/v2\/users\/420"}],"replies":[{"embeddable":true,"href":"https:\/\/www.boxrepsol.com\/en\/wp-json\/wp\/v2\/comments?post=103614"}],"version-history":[{"count":3,"href":"https:\/\/www.boxrepsol.com\/en\/wp-json\/wp\/v2\/posts\/103614\/revisions"}],"predecessor-version":[{"id":103634,"href":"https:\/\/www.boxrepsol.com\/en\/wp-json\/wp\/v2\/posts\/103614\/revisions\/103634"}],"wp:featuredmedia":[{"embeddable":true,"href":"https:\/\/www.boxrepsol.com\/en\/wp-json\/wp\/v2\/media\/103590"}],"wp:attachment":[{"href":"https:\/\/www.boxrepsol.com\/en\/wp-json\/wp\/v2\/media?parent=103614"}],"wp:term":[{"taxonomy":"category","embeddable":true,"href":"https:\/\/www.boxrepsol.com\/en\/wp-json\/wp\/v2\/categories?post=103614"},{"taxonomy":"post_tag","embeddable":true,"href":"https:\/\/www.boxrepsol.com\/en\/wp-json\/wp\/v2\/tags?post=103614"}],"curies":[{"name":"wp","href":"https:\/\/api.w.org\/{rel}","templated":true}]}}