{"id":100086,"date":"2023-03-26T12:04:26","date_gmt":"2023-03-26T14:04:26","guid":{"rendered":"https:\/\/www.boxrepsol.com\/uncategorized\/resultados-de-la-carrera-del-gp-de-portugal-de-motogp-2023\/"},"modified":"2023-03-26T15:15:48","modified_gmt":"2023-03-26T17:15:48","slug":"motogp-portuguese-gp-race-results","status":"publish","type":"post","link":"https:\/\/www.boxrepsol.com\/en\/motogp-en\/motogp-portuguese-gp-race-results\/","title":{"rendered":"MotoGP Portuguese GP Race Results"},"content":{"rendered":"<figure class=\"wp-block-post-featured-image\"><img loading=\"lazy\" decoding=\"async\" width=\"1280\" height=\"600\" src=\"https:\/\/bxrepsol.s3.eu-west-1.amazonaws.com\/static\/2023\/03\/26111452\/JRB85031.jpg\" class=\"attachment-post-thumbnail size-post-thumbnail wp-post-image\" alt=\"\" style=\"object-fit:cover;\" srcset=\"https:\/\/bxrepsol.s3.eu-west-1.amazonaws.com\/static\/2023\/03\/26111452\/JRB85031.jpg 1280w, https:\/\/bxrepsol.s3.eu-west-1.amazonaws.com\/static\/2023\/03\/26111452\/JRB85031-300x141.jpg 300w, https:\/\/bxrepsol.s3.eu-west-1.amazonaws.com\/static\/2023\/03\/26111452\/JRB85031-1024x480.jpg 1024w, https:\/\/bxrepsol.s3.eu-west-1.amazonaws.com\/static\/2023\/03\/26111452\/JRB85031-768x360.jpg 768w\" sizes=\"auto, (max-width: 1280px) 100vw, 1280px\" \/><\/figure>\n\n\n<p><strong>Pecco Bagnaia (Ducati)<\/strong> won the <strong>MotoGP Portuguese GP<\/strong> and is the leader of the overall standings after the first weekend of the season. Maverick Vi\u00f1ales (Aprilia) and Marco Bezzecchi (Ducati) accompanied him on the podium at the <strong>Autodromo Internacional do Algarve<\/strong>.<\/p>\n\n\n\n<p>Johann Zarco (Ducati), \u00c1lex M\u00e1rquez (Ducati), Brad Binder (KTM), Jack Miller (KTM), Fabio Quartararo (Yamaha), Aleix Espargar\u00f3 (Aprilia) and \u00c1lex Rins (Honda) completed the <strong>Top<\/strong> <strong>10<\/strong> in <strong>Portimao<\/strong>.<\/p>\n\n\n\n<p>The next round of the <strong>MotoGP <\/strong>World Championship will take place next week in <strong>Argentina<\/strong>, at the <strong>Aut\u00f3dromo Internacional de Termas de R\u00edo Hondo<\/strong>.<\/p>\n\n\n\n<h3 class=\"wp-block-heading\"><strong><strong><strong>Difficult race for Repsol Honda Team<\/strong><\/strong><\/strong><\/h3>\n\n\n\n<p><strong>Marc<\/strong> <strong>M\u00e1rquez<\/strong>, who took <a href=\"https:\/\/www.boxrepsol.com\/en\/motogp-en\/qualifying-results-2023-portuguese-gp\/\">pole position<\/a> and third position in yesterday&#8217;s <a href=\"https:\/\/www.boxrepsol.com\/en\/motogp-en\/portuguese-gp-sprint-race-results\/\">sprint race<\/a>, was unable to finish the Sunday race due to an incident with Miguel Oliveira on the third lap.<\/p>\n\n\n\n<p><strong>Joan Mir<\/strong>, had to serve a&nbsp;<a href=\"https:\/\/www.boxrepsol.com\/en\/motogp-en\/what-is-a-long-lap-penalty-in-motogp\/\">long lap penalty<\/a> for an incident with Fabio Quartararo in the sprint race and finished his first Grand Prix with the <strong>Repsol Honda Team<\/strong> in 11th position.<\/p>\n\n\n\n<h3 class=\"wp-block-heading\"><strong><strong>Race results: Portuguese GP (25 laps)<\/strong><\/strong><\/h3>\n\n\n\n<p><\/p>\n\n\n\n<figure class=\"wp-block-table is-style-stripes\"><table><tbody><tr><td><strong>RIDER<\/strong><\/td><td><strong>TEAM<\/strong><\/td><td><strong>TIME<\/strong><\/td><\/tr><tr><td>1. Pecco Bagnaia <\/td><td>DUCATI<\/td><td>41:25.401<\/td><\/tr><tr><td>2. Maverick Vi\u00f1ales <\/td><td>APRILIA<\/td><td>+0.687<\/td><\/tr><tr><td>3. Marco Bezzecchi<\/td><td>DUCATI<\/td><td>+2.726<\/td><\/tr><tr><td>4. \u00c1lex M\u00e1rquez <\/td><td>DUCATI<\/td><td>+8.060<\/td><\/tr><tr><td>5. Jack Miller<\/td><td>KTM<\/td><td>+8.125<\/td><\/tr><tr><td>6. Brad Binder<\/td><td>KTM<\/td><td>+8.247<\/td><\/tr><tr><td>7. Johann Zarco<\/td><td>DUCATI<\/td><td>+8.381<\/td><\/tr><tr><td>8. Aleix Espargar\u00f3<\/td><td>APRILIA<\/td><td>+8.543<\/td><\/tr><tr><td>9. Fabio Quartararo<\/td><td>YAMAHA<\/td><td>+9.294<\/td><\/tr><tr><td>10. \u00c1lex Rins<\/td><td>HONDA<\/td><td>+11.591<\/td><\/tr><tr><td><strong>11. Joan Mir<\/strong><\/td><td><strong>REPSOL HONDA<\/strong><\/td><td><strong>+16.992<\/strong><\/td><\/tr><tr><td><strong>20. Marc M\u00e1rquez<\/strong><\/td><td><strong>REPSOL HONDA<\/strong><\/td><td><strong>DNF<\/strong><\/td><\/tr><\/tbody><\/table><\/figure>\n\n\n\n<p><\/p>\n\n\n\n<h3 class=\"wp-block-heading\"><strong>Championship Standings<\/strong><\/h3>\n\n\n\n<p><\/p>\n\n\n\n<figure class=\"wp-block-table is-style-stripes\"><table><tbody><tr><td><strong>RIDER<\/strong><\/td><td><strong>TEAM<\/strong><\/td><td><strong>POINTS<\/strong><\/td><\/tr><tr><td>1. Pecco Bagnaia <\/td><td>DUCATI<\/td><td>37<\/td><\/tr><tr><td>2. Maverick Vi\u00f1ales<\/td><td>APRILIA<\/td><td>25<\/td><\/tr><tr><td>3. Marco Bezzecchi<\/td><td>DUCATI<\/td><td>16<\/td><\/tr><tr><td>4. Johann Zarco<\/td><td>DUCATI<\/td><td>15<\/td><\/tr><tr><td>5. Jack Miller<\/td><td>KTM<\/td><td>15<\/td><\/tr><tr><td>6. \u00c1lex M\u00e1rquez<\/td><td>DUCATI<\/td><td>12<\/td><\/tr><tr><td>7. Aleix Espargar\u00f3<\/td><td>APRILIA<\/td><td>11<\/td><\/tr><tr><td>8. Brad Binder<\/td><td>KTM<\/td><td>10<\/td><\/tr><tr><td>9. Jorge Mart\u00edn<\/td><td>DUCATI<\/td><td>9<\/td><\/tr><tr><td>10. Fabio Quartararo<\/td><td>YAMAHA<\/td><td>8<\/td><\/tr><tr><td><strong>11. Marc M\u00e1rquez<\/strong><\/td><td><strong>REPSOL HONDA<\/strong><\/td><td><strong>7<\/strong><\/td><\/tr><tr><td><strong>13. Joan Mir<\/strong><\/td><td><strong>REPSOL HONDA<\/strong><\/td><td><strong>5<\/strong><\/td><\/tr><\/tbody><\/table><\/figure>\n\n\n\n<div class=\"br-slider-box\"><div class=\"wp-block-create-block-repsol-carousel br-slider\"><a href=\"https:\/\/bxrepsol.s3.eu-west-1.amazonaws.com\/static\/2023\/03\/26151251\/JRB0519-scaled.jpg\" data-index=\"0\" class=\"br-slide\"><img decoding=\"async\" src=\"https:\/\/bxrepsol.s3.eu-west-1.amazonaws.com\/static\/2023\/03\/26151251\/JRB0519-scaled.jpg\"\/><\/a><a href=\"https:\/\/bxrepsol.s3.eu-west-1.amazonaws.com\/static\/2023\/03\/26151352\/JRB8834-scaled.jpg\" data-index=\"1\" class=\"br-slide\"><img decoding=\"async\" src=\"https:\/\/bxrepsol.s3.eu-west-1.amazonaws.com\/static\/2023\/03\/26151352\/JRB8834-scaled.jpg\"\/><\/a><a href=\"https:\/\/bxrepsol.s3.eu-west-1.amazonaws.com\/static\/2023\/03\/26151346\/JRB8468-scaled.jpg\" data-index=\"2\" class=\"br-slide\"><img decoding=\"async\" src=\"https:\/\/bxrepsol.s3.eu-west-1.amazonaws.com\/static\/2023\/03\/26151346\/JRB8468-scaled.jpg\"\/><\/a><a href=\"https:\/\/bxrepsol.s3.eu-west-1.amazonaws.com\/static\/2023\/03\/26151321\/JRB8245-scaled.jpg\" data-index=\"3\" class=\"br-slide\"><img decoding=\"async\" src=\"https:\/\/bxrepsol.s3.eu-west-1.amazonaws.com\/static\/2023\/03\/26151321\/JRB8245-scaled.jpg\"\/><\/a><a href=\"https:\/\/bxrepsol.s3.eu-west-1.amazonaws.com\/static\/2023\/03\/26151256\/JRB0622-scaled.jpg\" data-index=\"4\" class=\"br-slide\"><img decoding=\"async\" src=\"https:\/\/bxrepsol.s3.eu-west-1.amazonaws.com\/static\/2023\/03\/26151256\/JRB0622-scaled.jpg\"\/><\/a><\/div><div class=\"br-slider-buttons\"><button class=\"arrow rds-icon arrow--left rds-icon-Arrow_left\"><\/button><button class=\"arrow rds-icon arrow--right rds-icon-Arrow_right\"><\/button><\/div><\/div>\n\n\n\n<h3 class=\"wp-block-heading\"><strong>Rider statements<\/strong><\/h3>\n\n\n\n<p><a href=\"https:\/\/www.boxrepsol.com\/en\/tag\/marc-marquez-en\/\" target=\"_blank\" rel=\"noreferrer noopener\">#MM93<\/a><\/p>\n\n\n\n<p>&#8220;First of all I want to say that I am very sorry to Oliveira, his team and the Portuguese fans because it was his race. I did a really big mistake today, of course it was not my intention to have this happen, my intention was not even to overtake Martin at that point, but I had a massive lock with the front. Maybe the hard front was not fully up to temperature, I released the brakes and the bike went inside. I avoided Martin but made contact with Oliveira. I straight away went over to Miguel and then in the medical center I went to check on him \u2013 fortunately it looks like he is OK and this is the most important thing. On my side I have some pain in my right hand and with my knee but this is not so important at the minute. I fully accept and respect the penalty of the double long-lap during the Argentina GP because I did a mistake.&#8221;<\/p>\n\n\n\n<p><a href=\"https:\/\/www.boxrepsol.com\/en\/tag\/joan-mir-en\/\">#JM36<\/a><\/p>\n\n\n\n<p>&#8220;The crash from yesterday impacted today a lot, not just because of the long lap penalty. If I was able to finish the Sprint race I would have had a lot more understanding of the bike because today\u2019s race was the first time I was able to do more than ten laps in a row on the bike. This meant I spent a lot of today learning, so from this side today was a positive because I understood more. I still need more time to improve how I am riding and how the bike is behaving, especially to get the most out of the tyre over the race. With a bit more knowledge we could have made a very good race, but I am happy to have the experience now.&#8221;<\/p>\n","protected":false},"excerpt":{"rendered":"<p>Pecco Bagnaia wins again in Portimao and is the leader of the MotoGP World Championship<\/p>\n","protected":false},"author":418,"featured_media":100077,"comment_status":"open","ping_status":"open","sticky":false,"template":"","format":"standard","meta":{"footnotes":""},"categories":[146],"tags":[275,281,282,283,287,284],"class_list":["post-100086","post","type-post","status-publish","format-standard","hentry","category-motogp-en","tag-2023-en","tag-equipo-repsol-honda-en","tag-joan-mir-en","tag-marc-marquez-en","tag-motogp-portugal-en","tag-repsol-honda-team-en"],"yoast_head":"<!-- This site is optimized with the Yoast SEO plugin v27.3 - https:\/\/yoast.com\/product\/yoast-seo-wordpress\/ -->\n<title>MotoGP Portuguese GP Race Results - Box Repsol<\/title>\n<meta name=\"description\" content=\"Report and race results for the 2023 Portuguese GP, held at the Aut\u00f3dromo Internacional del Algarve (Portimao).\" \/>\n<link rel=\"canonical\" href=\"https:\/\/www.boxrepsol.com\/en\/motogp-en\/motogp-portuguese-gp-race-results\/\" \/>\n<meta property=\"og:locale\" content=\"en_US\" \/>\n<meta property=\"og:type\" content=\"article\" \/>\n<meta property=\"og:title\" content=\"MotoGP Portuguese GP Race Results - Box Repsol\" \/>\n<meta property=\"og:description\" content=\"Report and race results for the 2023 Portuguese GP, held at the Aut\u00f3dromo Internacional del Algarve (Portimao).\" \/>\n<meta property=\"og:url\" content=\"https:\/\/www.boxrepsol.com\/en\/motogp-en\/motogp-portuguese-gp-race-results\/\" \/>\n<meta property=\"og:site_name\" content=\"Box Repsol\" \/>\n<meta property=\"article:publisher\" content=\"https:\/\/www.facebook.com\/BoxRepsol\" \/>\n<meta property=\"article:published_time\" content=\"2023-03-26T14:04:26+00:00\" \/>\n<meta property=\"article:modified_time\" content=\"2023-03-26T17:15:48+00:00\" \/>\n<meta property=\"og:image\" content=\"https:\/\/bxrepsol.s3.eu-west-1.amazonaws.com\/static\/2023\/03\/26111452\/JRB85031.jpg\" \/>\n\t<meta property=\"og:image:width\" content=\"1280\" \/>\n\t<meta property=\"og:image:height\" content=\"600\" \/>\n\t<meta property=\"og:image:type\" content=\"image\/jpeg\" \/>\n<meta name=\"author\" content=\"Box Repsol\" \/>\n<meta name=\"twitter:card\" content=\"summary_large_image\" \/>\n<meta name=\"twitter:image\" content=\"https:\/\/bxrepsol.s3.eu-west-1.amazonaws.com\/static\/2023\/03\/26111452\/JRB85031.jpg\" \/>\n<meta name=\"twitter:creator\" content=\"@box_repsol\" \/>\n<meta name=\"twitter:site\" content=\"@box_repsol\" \/>\n<meta name=\"twitter:label1\" content=\"Written by\" \/>\n\t<meta name=\"twitter:data1\" content=\"Box Repsol\" \/>\n\t<meta name=\"twitter:label2\" content=\"Est. reading time\" \/>\n\t<meta name=\"twitter:data2\" content=\"3 minutes\" \/>\n<script type=\"application\/ld+json\" class=\"yoast-schema-graph\">{\"@context\":\"https:\\\/\\\/schema.org\",\"@graph\":[{\"@type\":\"Article\",\"@id\":\"https:\\\/\\\/www.boxrepsol.com\\\/en\\\/motogp-en\\\/motogp-portuguese-gp-race-results\\\/#article\",\"isPartOf\":{\"@id\":\"https:\\\/\\\/www.boxrepsol.com\\\/en\\\/motogp-en\\\/motogp-portuguese-gp-race-results\\\/\"},\"author\":{\"name\":\"Box Repsol\",\"@id\":\"https:\\\/\\\/www.boxrepsol.com\\\/en\\\/#\\\/schema\\\/person\\\/aa498d48db051c539a1f518ddd6de860\"},\"headline\":\"MotoGP Portuguese GP Race Results\",\"datePublished\":\"2023-03-26T14:04:26+00:00\",\"dateModified\":\"2023-03-26T17:15:48+00:00\",\"mainEntityOfPage\":{\"@id\":\"https:\\\/\\\/www.boxrepsol.com\\\/en\\\/motogp-en\\\/motogp-portuguese-gp-race-results\\\/\"},\"wordCount\":573,\"commentCount\":0,\"publisher\":{\"@id\":\"https:\\\/\\\/www.boxrepsol.com\\\/en\\\/#organization\"},\"image\":{\"@id\":\"https:\\\/\\\/www.boxrepsol.com\\\/en\\\/motogp-en\\\/motogp-portuguese-gp-race-results\\\/#primaryimage\"},\"thumbnailUrl\":\"https:\\\/\\\/bxrepsol.s3.eu-west-1.amazonaws.com\\\/static\\\/2023\\\/03\\\/26111452\\\/JRB85031.jpg\",\"keywords\":[\"2023\",\"Equipo Repsol Honda\",\"Joan Mir\",\"Marc M\u00e1rquez\",\"MotoGP Portugal\",\"Repsol Honda Team\"],\"articleSection\":[\"MotoGP\"],\"inLanguage\":\"en-US\",\"potentialAction\":[{\"@type\":\"CommentAction\",\"name\":\"Comment\",\"target\":[\"https:\\\/\\\/www.boxrepsol.com\\\/en\\\/motogp-en\\\/motogp-portuguese-gp-race-results\\\/#respond\"]}]},{\"@type\":\"WebPage\",\"@id\":\"https:\\\/\\\/www.boxrepsol.com\\\/en\\\/motogp-en\\\/motogp-portuguese-gp-race-results\\\/\",\"url\":\"https:\\\/\\\/www.boxrepsol.com\\\/en\\\/motogp-en\\\/motogp-portuguese-gp-race-results\\\/\",\"name\":\"MotoGP Portuguese GP Race Results - Box Repsol\",\"isPartOf\":{\"@id\":\"https:\\\/\\\/www.boxrepsol.com\\\/en\\\/#website\"},\"primaryImageOfPage\":{\"@id\":\"https:\\\/\\\/www.boxrepsol.com\\\/en\\\/motogp-en\\\/motogp-portuguese-gp-race-results\\\/#primaryimage\"},\"image\":{\"@id\":\"https:\\\/\\\/www.boxrepsol.com\\\/en\\\/motogp-en\\\/motogp-portuguese-gp-race-results\\\/#primaryimage\"},\"thumbnailUrl\":\"https:\\\/\\\/bxrepsol.s3.eu-west-1.amazonaws.com\\\/static\\\/2023\\\/03\\\/26111452\\\/JRB85031.jpg\",\"datePublished\":\"2023-03-26T14:04:26+00:00\",\"dateModified\":\"2023-03-26T17:15:48+00:00\",\"description\":\"Report and race results for the 2023 Portuguese GP, held at the Aut\u00f3dromo Internacional del Algarve (Portimao).\",\"breadcrumb\":{\"@id\":\"https:\\\/\\\/www.boxrepsol.com\\\/en\\\/motogp-en\\\/motogp-portuguese-gp-race-results\\\/#breadcrumb\"},\"inLanguage\":\"en-US\",\"potentialAction\":[{\"@type\":\"ReadAction\",\"target\":[\"https:\\\/\\\/www.boxrepsol.com\\\/en\\\/motogp-en\\\/motogp-portuguese-gp-race-results\\\/\"]}]},{\"@type\":\"ImageObject\",\"inLanguage\":\"en-US\",\"@id\":\"https:\\\/\\\/www.boxrepsol.com\\\/en\\\/motogp-en\\\/motogp-portuguese-gp-race-results\\\/#primaryimage\",\"url\":\"https:\\\/\\\/bxrepsol.s3.eu-west-1.amazonaws.com\\\/static\\\/2023\\\/03\\\/26111452\\\/JRB85031.jpg\",\"contentUrl\":\"https:\\\/\\\/bxrepsol.s3.eu-west-1.amazonaws.com\\\/static\\\/2023\\\/03\\\/26111452\\\/JRB85031.jpg\",\"width\":1280,\"height\":600},{\"@type\":\"BreadcrumbList\",\"@id\":\"https:\\\/\\\/www.boxrepsol.com\\\/en\\\/motogp-en\\\/motogp-portuguese-gp-race-results\\\/#breadcrumb\",\"itemListElement\":[{\"@type\":\"ListItem\",\"position\":1,\"name\":\"Home\",\"item\":\"https:\\\/\\\/www.boxrepsol.com\\\/en\\\/\"},{\"@type\":\"ListItem\",\"position\":2,\"name\":\"MotoGP Portuguese GP Race Results\"}]},{\"@type\":\"WebSite\",\"@id\":\"https:\\\/\\\/www.boxrepsol.com\\\/en\\\/#website\",\"url\":\"https:\\\/\\\/www.boxrepsol.com\\\/en\\\/\",\"name\":\"Box Repsol\",\"description\":\"Box Repsol Site\",\"publisher\":{\"@id\":\"https:\\\/\\\/www.boxrepsol.com\\\/en\\\/#organization\"},\"potentialAction\":[{\"@type\":\"SearchAction\",\"target\":{\"@type\":\"EntryPoint\",\"urlTemplate\":\"https:\\\/\\\/www.boxrepsol.com\\\/en\\\/?s={search_term_string}\"},\"query-input\":{\"@type\":\"PropertyValueSpecification\",\"valueRequired\":true,\"valueName\":\"search_term_string\"}}],\"inLanguage\":\"en-US\"},{\"@type\":\"Organization\",\"@id\":\"https:\\\/\\\/www.boxrepsol.com\\\/en\\\/#organization\",\"name\":\"Box Repsol\",\"url\":\"https:\\\/\\\/www.boxrepsol.com\\\/en\\\/\",\"logo\":{\"@type\":\"ImageObject\",\"inLanguage\":\"en-US\",\"@id\":\"https:\\\/\\\/www.boxrepsol.com\\\/en\\\/#\\\/schema\\\/logo\\\/image\\\/\",\"url\":\"https:\\\/\\\/bxrepsol.s3.eu-west-1.amazonaws.com\\\/static\\\/2025\\\/07\\\/30083337\\\/favicon-96x96-1.png\",\"contentUrl\":\"https:\\\/\\\/bxrepsol.s3.eu-west-1.amazonaws.com\\\/static\\\/2025\\\/07\\\/30083337\\\/favicon-96x96-1.png\",\"width\":96,\"height\":96,\"caption\":\"Box Repsol\"},\"image\":{\"@id\":\"https:\\\/\\\/www.boxrepsol.com\\\/en\\\/#\\\/schema\\\/logo\\\/image\\\/\"},\"sameAs\":[\"https:\\\/\\\/www.facebook.com\\\/BoxRepsol\",\"https:\\\/\\\/x.com\\\/box_repsol\",\"http:\\\/\\\/instagram.com\\\/box_repsol\",\"https:\\\/\\\/www.youtube.com\\\/user\\\/RepsolCompeticion\",\"https:\\\/\\\/www.flickr.com\\\/photos\\\/box_repsol\\\/\"]},{\"@type\":\"Person\",\"@id\":\"https:\\\/\\\/www.boxrepsol.com\\\/en\\\/#\\\/schema\\\/person\\\/aa498d48db051c539a1f518ddd6de860\",\"name\":\"Box Repsol\",\"image\":{\"@type\":\"ImageObject\",\"inLanguage\":\"en-US\",\"@id\":\"https:\\\/\\\/secure.gravatar.com\\\/avatar\\\/54bfb4a27a6bb661b4cc0ffba912cc7819a923aea750897b4ac44b8d0a5a5dfd?s=96&d=mm&r=g\",\"url\":\"https:\\\/\\\/secure.gravatar.com\\\/avatar\\\/54bfb4a27a6bb661b4cc0ffba912cc7819a923aea750897b4ac44b8d0a5a5dfd?s=96&d=mm&r=g\",\"contentUrl\":\"https:\\\/\\\/secure.gravatar.com\\\/avatar\\\/54bfb4a27a6bb661b4cc0ffba912cc7819a923aea750897b4ac44b8d0a5a5dfd?s=96&d=mm&r=g\",\"caption\":\"Box Repsol\"},\"sameAs\":[\"https:\\\/\\\/www.boxrepsol.com\\\/es\\\/sorteopizarrarepsolhonda\\\/\"],\"url\":\"https:\\\/\\\/www.boxrepsol.com\\\/en\\\/author\\\/jcobo\\\/\"}]}<\/script>\n<!-- \/ Yoast SEO plugin. -->","yoast_head_json":{"title":"MotoGP Portuguese GP Race Results - Box Repsol","description":"Report and race results for the 2023 Portuguese GP, held at the Aut\u00f3dromo Internacional del Algarve (Portimao).","canonical":"https:\/\/www.boxrepsol.com\/en\/motogp-en\/motogp-portuguese-gp-race-results\/","og_locale":"en_US","og_type":"article","og_title":"MotoGP Portuguese GP Race Results - Box Repsol","og_description":"Report and race results for the 2023 Portuguese GP, held at the Aut\u00f3dromo Internacional del Algarve (Portimao).","og_url":"https:\/\/www.boxrepsol.com\/en\/motogp-en\/motogp-portuguese-gp-race-results\/","og_site_name":"Box Repsol","article_publisher":"https:\/\/www.facebook.com\/BoxRepsol","article_published_time":"2023-03-26T14:04:26+00:00","article_modified_time":"2023-03-26T17:15:48+00:00","og_image":[{"width":1280,"height":600,"url":"https:\/\/bxrepsol.s3.eu-west-1.amazonaws.com\/static\/2023\/03\/26111452\/JRB85031.jpg","type":"image\/jpeg"}],"author":"Box Repsol","twitter_card":"summary_large_image","twitter_image":"https:\/\/bxrepsol.s3.eu-west-1.amazonaws.com\/static\/2023\/03\/26111452\/JRB85031.jpg","twitter_creator":"@box_repsol","twitter_site":"@box_repsol","twitter_misc":{"Written by":"Box Repsol","Est. reading time":"3 minutes"},"schema":{"@context":"https:\/\/schema.org","@graph":[{"@type":"Article","@id":"https:\/\/www.boxrepsol.com\/en\/motogp-en\/motogp-portuguese-gp-race-results\/#article","isPartOf":{"@id":"https:\/\/www.boxrepsol.com\/en\/motogp-en\/motogp-portuguese-gp-race-results\/"},"author":{"name":"Box Repsol","@id":"https:\/\/www.boxrepsol.com\/en\/#\/schema\/person\/aa498d48db051c539a1f518ddd6de860"},"headline":"MotoGP Portuguese GP Race Results","datePublished":"2023-03-26T14:04:26+00:00","dateModified":"2023-03-26T17:15:48+00:00","mainEntityOfPage":{"@id":"https:\/\/www.boxrepsol.com\/en\/motogp-en\/motogp-portuguese-gp-race-results\/"},"wordCount":573,"commentCount":0,"publisher":{"@id":"https:\/\/www.boxrepsol.com\/en\/#organization"},"image":{"@id":"https:\/\/www.boxrepsol.com\/en\/motogp-en\/motogp-portuguese-gp-race-results\/#primaryimage"},"thumbnailUrl":"https:\/\/bxrepsol.s3.eu-west-1.amazonaws.com\/static\/2023\/03\/26111452\/JRB85031.jpg","keywords":["2023","Equipo Repsol Honda","Joan Mir","Marc M\u00e1rquez","MotoGP Portugal","Repsol Honda Team"],"articleSection":["MotoGP"],"inLanguage":"en-US","potentialAction":[{"@type":"CommentAction","name":"Comment","target":["https:\/\/www.boxrepsol.com\/en\/motogp-en\/motogp-portuguese-gp-race-results\/#respond"]}]},{"@type":"WebPage","@id":"https:\/\/www.boxrepsol.com\/en\/motogp-en\/motogp-portuguese-gp-race-results\/","url":"https:\/\/www.boxrepsol.com\/en\/motogp-en\/motogp-portuguese-gp-race-results\/","name":"MotoGP Portuguese GP Race Results - Box Repsol","isPartOf":{"@id":"https:\/\/www.boxrepsol.com\/en\/#website"},"primaryImageOfPage":{"@id":"https:\/\/www.boxrepsol.com\/en\/motogp-en\/motogp-portuguese-gp-race-results\/#primaryimage"},"image":{"@id":"https:\/\/www.boxrepsol.com\/en\/motogp-en\/motogp-portuguese-gp-race-results\/#primaryimage"},"thumbnailUrl":"https:\/\/bxrepsol.s3.eu-west-1.amazonaws.com\/static\/2023\/03\/26111452\/JRB85031.jpg","datePublished":"2023-03-26T14:04:26+00:00","dateModified":"2023-03-26T17:15:48+00:00","description":"Report and race results for the 2023 Portuguese GP, held at the Aut\u00f3dromo Internacional del Algarve (Portimao).","breadcrumb":{"@id":"https:\/\/www.boxrepsol.com\/en\/motogp-en\/motogp-portuguese-gp-race-results\/#breadcrumb"},"inLanguage":"en-US","potentialAction":[{"@type":"ReadAction","target":["https:\/\/www.boxrepsol.com\/en\/motogp-en\/motogp-portuguese-gp-race-results\/"]}]},{"@type":"ImageObject","inLanguage":"en-US","@id":"https:\/\/www.boxrepsol.com\/en\/motogp-en\/motogp-portuguese-gp-race-results\/#primaryimage","url":"https:\/\/bxrepsol.s3.eu-west-1.amazonaws.com\/static\/2023\/03\/26111452\/JRB85031.jpg","contentUrl":"https:\/\/bxrepsol.s3.eu-west-1.amazonaws.com\/static\/2023\/03\/26111452\/JRB85031.jpg","width":1280,"height":600},{"@type":"BreadcrumbList","@id":"https:\/\/www.boxrepsol.com\/en\/motogp-en\/motogp-portuguese-gp-race-results\/#breadcrumb","itemListElement":[{"@type":"ListItem","position":1,"name":"Home","item":"https:\/\/www.boxrepsol.com\/en\/"},{"@type":"ListItem","position":2,"name":"MotoGP Portuguese GP Race Results"}]},{"@type":"WebSite","@id":"https:\/\/www.boxrepsol.com\/en\/#website","url":"https:\/\/www.boxrepsol.com\/en\/","name":"Box Repsol","description":"Box Repsol Site","publisher":{"@id":"https:\/\/www.boxrepsol.com\/en\/#organization"},"potentialAction":[{"@type":"SearchAction","target":{"@type":"EntryPoint","urlTemplate":"https:\/\/www.boxrepsol.com\/en\/?s={search_term_string}"},"query-input":{"@type":"PropertyValueSpecification","valueRequired":true,"valueName":"search_term_string"}}],"inLanguage":"en-US"},{"@type":"Organization","@id":"https:\/\/www.boxrepsol.com\/en\/#organization","name":"Box Repsol","url":"https:\/\/www.boxrepsol.com\/en\/","logo":{"@type":"ImageObject","inLanguage":"en-US","@id":"https:\/\/www.boxrepsol.com\/en\/#\/schema\/logo\/image\/","url":"https:\/\/bxrepsol.s3.eu-west-1.amazonaws.com\/static\/2025\/07\/30083337\/favicon-96x96-1.png","contentUrl":"https:\/\/bxrepsol.s3.eu-west-1.amazonaws.com\/static\/2025\/07\/30083337\/favicon-96x96-1.png","width":96,"height":96,"caption":"Box Repsol"},"image":{"@id":"https:\/\/www.boxrepsol.com\/en\/#\/schema\/logo\/image\/"},"sameAs":["https:\/\/www.facebook.com\/BoxRepsol","https:\/\/x.com\/box_repsol","http:\/\/instagram.com\/box_repsol","https:\/\/www.youtube.com\/user\/RepsolCompeticion","https:\/\/www.flickr.com\/photos\/box_repsol\/"]},{"@type":"Person","@id":"https:\/\/www.boxrepsol.com\/en\/#\/schema\/person\/aa498d48db051c539a1f518ddd6de860","name":"Box Repsol","image":{"@type":"ImageObject","inLanguage":"en-US","@id":"https:\/\/secure.gravatar.com\/avatar\/54bfb4a27a6bb661b4cc0ffba912cc7819a923aea750897b4ac44b8d0a5a5dfd?s=96&d=mm&r=g","url":"https:\/\/secure.gravatar.com\/avatar\/54bfb4a27a6bb661b4cc0ffba912cc7819a923aea750897b4ac44b8d0a5a5dfd?s=96&d=mm&r=g","contentUrl":"https:\/\/secure.gravatar.com\/avatar\/54bfb4a27a6bb661b4cc0ffba912cc7819a923aea750897b4ac44b8d0a5a5dfd?s=96&d=mm&r=g","caption":"Box Repsol"},"sameAs":["https:\/\/www.boxrepsol.com\/es\/sorteopizarrarepsolhonda\/"],"url":"https:\/\/www.boxrepsol.com\/en\/author\/jcobo\/"}]}},"_links":{"self":[{"href":"https:\/\/www.boxrepsol.com\/en\/wp-json\/wp\/v2\/posts\/100086","targetHints":{"allow":["GET"]}}],"collection":[{"href":"https:\/\/www.boxrepsol.com\/en\/wp-json\/wp\/v2\/posts"}],"about":[{"href":"https:\/\/www.boxrepsol.com\/en\/wp-json\/wp\/v2\/types\/post"}],"author":[{"embeddable":true,"href":"https:\/\/www.boxrepsol.com\/en\/wp-json\/wp\/v2\/users\/418"}],"replies":[{"embeddable":true,"href":"https:\/\/www.boxrepsol.com\/en\/wp-json\/wp\/v2\/comments?post=100086"}],"version-history":[{"count":2,"href":"https:\/\/www.boxrepsol.com\/en\/wp-json\/wp\/v2\/posts\/100086\/revisions"}],"predecessor-version":[{"id":100102,"href":"https:\/\/www.boxrepsol.com\/en\/wp-json\/wp\/v2\/posts\/100086\/revisions\/100102"}],"wp:featuredmedia":[{"embeddable":true,"href":"https:\/\/www.boxrepsol.com\/en\/wp-json\/wp\/v2\/media\/100077"}],"wp:attachment":[{"href":"https:\/\/www.boxrepsol.com\/en\/wp-json\/wp\/v2\/media?parent=100086"}],"wp:term":[{"taxonomy":"category","embeddable":true,"href":"https:\/\/www.boxrepsol.com\/en\/wp-json\/wp\/v2\/categories?post=100086"},{"taxonomy":"post_tag","embeddable":true,"href":"https:\/\/www.boxrepsol.com\/en\/wp-json\/wp\/v2\/tags?post=100086"}],"curies":[{"name":"wp","href":"https:\/\/api.w.org\/{rel}","templated":true}]}}